{"id":626,"date":"2025-09-21T09:32:01","date_gmt":"2025-09-21T07:32:01","guid":{"rendered":"https:\/\/www.spolek.org\/?p=626"},"modified":"2025-09-21T11:06:07","modified_gmt":"2025-09-21T09:06:07","slug":"odhaleni-pametni-desky","status":"publish","type":"post","link":"https:\/\/www.spolek.org\/en\/odhaleni-pametni-desky\/","title":{"rendered":"Unveiling of the Memorial Plaque"},"content":{"rendered":"<p class=\"has-medium-font-size\"><strong>On September 18, 2025, the Pinkas Synagogue in Prague hosted the ceremonial unveiling of the renewed memorial plaque dedicated to the Righteous Among the Nations.<\/strong><\/p>\n\n\n\n<p class=\"has-medium-font-size\">Cel\u00fdm programem prov\u00e1zela Petra Schwarz Koutsk\u00e1. Mezi \u0159e\u010dn\u00edky vystoupila \u0159editelka \u017didovsk\u00e9ho muzea v Praze Pavla Niklov\u00e1, Ladislav Katu\u0161\u010d\u00e1k, kter\u00fd nese jm\u00e9no po zachr\u00e1nci, a Alena Drmolov\u00e1, zastupuj\u00edc\u00ed rodinu spravedliv\u00fdch.<\/p>\n\n\n\n<p class=\"has-medium-font-size\">O pam\u00e1tn\u00edku promluvili tak\u00e9 jeho auto\u0159i Lucie a <a href=\"https:\/\/jaroslav-rona.cz\/\">Jaroslav R\u00f3na<\/a>. Z\u00e1v\u011bre\u010dn\u00e9 pod\u011bkov\u00e1n\u00ed pronesl Franti\u0161ek B\u00e1nyai jm\u00e9nem Ve\u0159ejn\u011b prosp\u011b\u0161n\u00e9ho spolku na podporu osob dot\u010den\u00fdch holocaustem.<\/p>\n\n\n\n<figure class=\"wp-block-image size-large\"><img loading=\"lazy\" decoding=\"async\" width=\"1024\" height=\"768\" src=\"https:\/\/www.spolek.org\/wp-content\/uploads\/2025\/09\/spravedlivi-fero-manzele-ronovi-1024x768.jpg\" alt=\"\" class=\"wp-image-648\" style=\"aspect-ratio:16\/9;object-fit:cover\" srcset=\"https:\/\/www.spolek.org\/wp-content\/uploads\/2025\/09\/spravedlivi-fero-manzele-ronovi-1024x768.jpg 1024w, https:\/\/www.spolek.org\/wp-content\/uploads\/2025\/09\/spravedlivi-fero-manzele-ronovi-300x225.jpg 300w, https:\/\/www.spolek.org\/wp-content\/uploads\/2025\/09\/spravedlivi-fero-manzele-ronovi-768x576.jpg 768w, https:\/\/www.spolek.org\/wp-content\/uploads\/2025\/09\/spravedlivi-fero-manzele-ronovi-16x12.jpg 16w, https:\/\/www.spolek.org\/wp-content\/uploads\/2025\/09\/spravedlivi-fero-manzele-ronovi.jpg 1274w\" sizes=\"auto, (max-width: 1024px) 100vw, 1024px\" \/><figcaption class=\"wp-element-caption\">Lucie a Jaroslav R\u00f3novi, creators of the Memorial plaque<\/figcaption><\/figure>\n\n\n\n<p class=\"has-medium-font-size\">Musical accompaniment was provided by baritone V\u00e1clav Dlask, soprano Veronika Kaiserov\u00e1, and bass David Mal\u00e1t. They performed songs from Slavdom in Its Songs by Ludv\u00edk Kuba: the Czech folk song \u0160irok\u00fd hlubok\u00fd from the Kou\u0159im region, the Moravian song U\u017e sa ty hore\u010dky zelenaj\u00fa from Vizovice, and the Slovak song L\u00e1ska, bo\u017ee, l\u00e1ska! (\u201cLove, oh God, Love!\u201d).<\/p>\n\n\n\n<p class=\"has-medium-font-size\">The ceremony was an expression of deep respect for those who, in times of persecution, did not hesitate to risk their own lives to save others. The organizers thanked all donors who supported the renewal of the memorial.<\/p>\n\n\n\n<figure class=\"wp-block-image size-large\"><img loading=\"lazy\" decoding=\"async\" width=\"1024\" height=\"664\" src=\"https:\/\/www.spolek.org\/wp-content\/uploads\/2025\/09\/spravedlivi-fero-banyai-1024x664.jpg\" alt=\"Fero B\u00e1nyai\" class=\"wp-image-630\" style=\"aspect-ratio:16\/9;object-fit:cover\" srcset=\"https:\/\/www.spolek.org\/wp-content\/uploads\/2025\/09\/spravedlivi-fero-banyai-1024x664.jpg 1024w, https:\/\/www.spolek.org\/wp-content\/uploads\/2025\/09\/spravedlivi-fero-banyai-300x195.jpg 300w, https:\/\/www.spolek.org\/wp-content\/uploads\/2025\/09\/spravedlivi-fero-banyai-768x498.jpg 768w, https:\/\/www.spolek.org\/wp-content\/uploads\/2025\/09\/spravedlivi-fero-banyai-1536x996.jpg 1536w, https:\/\/www.spolek.org\/wp-content\/uploads\/2025\/09\/spravedlivi-fero-banyai-18x12.jpg 18w, https:\/\/www.spolek.org\/wp-content\/uploads\/2025\/09\/spravedlivi-fero-banyai.jpg 2048w\" sizes=\"auto, (max-width: 1024px) 100vw, 1024px\" \/><figcaption class=\"wp-element-caption\">Fero B\u00e1nyai, Chair of Spolek<\/figcaption><\/figure>\n\n\n\n<blockquote class=\"wp-block-quote is-layout-flow wp-block-quote-is-layout-flow\">\n<p class=\"has-medium-font-size\">\u201cI believe that most participants felt the uniqueness of the event, the strength of emotions, and how important the inclusion of the Righteous\u2019 names was for the family. I was truly glad that, thanks to the donors, the addition of the names to the memorial could be realized \u2013 for the descendants of both the Righteous and the rescued, it was profoundly meaningful. I thank everyone who supported the project and came to the unveiling.\u201d<br><br>Fero B\u00e1nyai<\/p>\n<\/blockquote>\n\n\n\n<figure class=\"wp-block-image size-large\"><img loading=\"lazy\" decoding=\"async\" width=\"1024\" height=\"673\" src=\"https:\/\/www.spolek.org\/wp-content\/uploads\/2025\/09\/spravedlivi-deska-detail-1024x673.jpg\" alt=\"Pam\u011btn\u00ed deska Spravedliv\u00fd mezi n\u00e1rody\" class=\"wp-image-643\" style=\"aspect-ratio:16\/9;object-fit:cover\" srcset=\"https:\/\/www.spolek.org\/wp-content\/uploads\/2025\/09\/spravedlivi-deska-detail-1024x673.jpg 1024w, https:\/\/www.spolek.org\/wp-content\/uploads\/2025\/09\/spravedlivi-deska-detail-300x197.jpg 300w, https:\/\/www.spolek.org\/wp-content\/uploads\/2025\/09\/spravedlivi-deska-detail-768x505.jpg 768w, https:\/\/www.spolek.org\/wp-content\/uploads\/2025\/09\/spravedlivi-deska-detail-1536x1010.jpg 1536w, https:\/\/www.spolek.org\/wp-content\/uploads\/2025\/09\/spravedlivi-deska-detail-18x12.jpg 18w, https:\/\/www.spolek.org\/wp-content\/uploads\/2025\/09\/spravedlivi-deska-detail.jpg 2048w\" sizes=\"auto, (max-width: 1024px) 100vw, 1024px\" \/><figcaption class=\"wp-element-caption\">The newly unveiled memorial plaque<\/figcaption><\/figure>\n\n\n\n<blockquote class=\"wp-block-quote is-layout-flow wp-block-quote-is-layout-flow\">\n<p class=\"has-medium-font-size\">\u201cWhen a representative of the Gerstein family, rescued by the Righteous Among the Nations, approached us with the request to add the names of their rescuers to the memorial at the Pinkas Synagogue, it was clear that such a request could not be denied. Thanks above all to Fero B\u00e1nyai, but also to many other dedicated people, this has now been achieved. The story shared with us at the unveiling by Mrs. Alena Drmolov\u00e1, a descendant of the rescuers\u2019 family, was more than an inspiration \u2013 it was a true reward for the effort invested.\u201d<br><br>Michal Borges<\/p>\n<\/blockquote>","protected":false},"excerpt":{"rendered":"<p>18. z\u00e1\u0159\u00ed 2025 prob\u011bhlo v Pinkasov\u011b synagoze v Praze slavnostn\u00ed odhalen\u00ed obnoven\u00e9 pam\u011btn\u00ed desky v\u011bnovan\u00e9 Spravedliv\u00fdm mezi n\u00e1rody. Cel\u00fdm programem prov\u00e1zela Petra Schwarz Koutsk\u00e1. Mezi \u0159e\u010dn\u00edky vystoupila \u0159editelka \u017didovsk\u00e9ho muzea v Praze Pavla Niklov\u00e1, Ladislav Katu\u0161\u010d\u00e1k, kter\u00fd nese jm\u00e9no po zachr\u00e1nci, a Alena Drmolov\u00e1, zastupuj\u00edc\u00ed rodinu spravedliv\u00fdch. O pam\u00e1tn\u00edku promluvili tak\u00e9 jeho auto\u0159i Lucie a [&hellip;]<\/p>\n","protected":false},"author":2,"featured_media":628,"comment_status":"open","ping_status":"open","sticky":false,"template":"","format":"standard","meta":{"footnotes":""},"categories":[1],"tags":[],"class_list":["post-626","post","type-post","status-publish","format-standard","has-post-thumbnail","hentry","category-nezarazene"],"_links":{"self":[{"href":"https:\/\/www.spolek.org\/en\/wp-json\/wp\/v2\/posts\/626","targetHints":{"allow":["GET"]}}],"collection":[{"href":"https:\/\/www.spolek.org\/en\/wp-json\/wp\/v2\/posts"}],"about":[{"href":"https:\/\/www.spolek.org\/en\/wp-json\/wp\/v2\/types\/post"}],"author":[{"embeddable":true,"href":"https:\/\/www.spolek.org\/en\/wp-json\/wp\/v2\/users\/2"}],"replies":[{"embeddable":true,"href":"https:\/\/www.spolek.org\/en\/wp-json\/wp\/v2\/comments?post=626"}],"version-history":[{"count":22,"href":"https:\/\/www.spolek.org\/en\/wp-json\/wp\/v2\/posts\/626\/revisions"}],"predecessor-version":[{"id":681,"href":"https:\/\/www.spolek.org\/en\/wp-json\/wp\/v2\/posts\/626\/revisions\/681"}],"wp:featuredmedia":[{"embeddable":true,"href":"https:\/\/www.spolek.org\/en\/wp-json\/wp\/v2\/media\/628"}],"wp:attachment":[{"href":"https:\/\/www.spolek.org\/en\/wp-json\/wp\/v2\/media?parent=626"}],"wp:term":[{"taxonomy":"category","embeddable":true,"href":"https:\/\/www.spolek.org\/en\/wp-json\/wp\/v2\/categories?post=626"},{"taxonomy":"post_tag","embeddable":true,"href":"https:\/\/www.spolek.org\/en\/wp-json\/wp\/v2\/tags?post=626"}],"curies":[{"name":"wp","href":"https:\/\/api.w.org\/{rel}","templated":true}]}}