{"id":671,"date":"2025-09-17T10:57:47","date_gmt":"2025-09-17T08:57:47","guid":{"rendered":"https:\/\/www.spolek.org\/?p=671"},"modified":"2025-09-21T21:27:29","modified_gmt":"2025-09-21T19:27:29","slug":"nove-stolpersteine-v-praze","status":"publish","type":"post","link":"https:\/\/www.spolek.org\/en\/nove-stolpersteine-v-praze\/","title":{"rendered":"New Stolpersteine in Prague"},"content":{"rendered":"<p class=\"has-medium-font-size\"><strong>On September 16 and 17, fifty-one new Stolpersteine were laid at twenty-five locations in Prague. With this act, the city once again commemorated the victims of the Nazi regime and their stories.<\/strong><\/p>\n\n\n\n<p class=\"has-medium-font-size\">The Stolpersteine project makes a significant contribution to society\u2019s living memory \u2013 it draws attention to the horrors and crimes of Nazism and restores to the public space the names of those who were silenced.<\/p>\n\n\n\n<p class=\"has-medium-font-size\">The laying of the stones is requested not only by the victims\u2019 relatives but often also by civic organizations or even the homeowners themselves. Each stone thus becomes a small act of remembrance \u2013 a tribute to a specific person and their symbolic return home.<\/p>\n\n\n\n<p class=\"has-medium-font-size translation-block\">Among the figures honored with Stolpersteine this year were, for example, <a href=\"https:\/\/en.wikipedia.org\/wiki\/Pavel_Tigrid\" target=\"_self\">Pavel Tigrid<\/a> and <a href=\"https:\/\/en.wikipedia.org\/wiki\/Karel_venk\" target=\"_self\">Karel \u0160venk<\/a>, the author of the Terez\u00edn anthem.<\/p>\n\n\n\n<div class=\"wp-block-columns is-layout-flex wp-container-core-columns-is-layout-28f84493 wp-block-columns-is-layout-flex\">\n<div class=\"wp-block-column is-layout-flow wp-block-column-is-layout-flow\" style=\"flex-basis:60%\">\n<figure class=\"wp-block-image size-large is-resized\"><img loading=\"lazy\" decoding=\"async\" width=\"1024\" height=\"677\" src=\"https:\/\/www.spolek.org\/wp-content\/uploads\/2025\/09\/stolpersteine-2025-09-jan-cizinsky-1024x677.jpg\" alt=\"starosta Jan \u010ci\u017einsk\u00fd pokl\u00e1d\u00e1 Stolperstein v Praze 7\" class=\"wp-image-673\" style=\"aspect-ratio:16\/9;object-fit:cover;width:auto;height:200px\" srcset=\"https:\/\/www.spolek.org\/wp-content\/uploads\/2025\/09\/stolpersteine-2025-09-jan-cizinsky-1024x677.jpg 1024w, https:\/\/www.spolek.org\/wp-content\/uploads\/2025\/09\/stolpersteine-2025-09-jan-cizinsky-300x198.jpg 300w, https:\/\/www.spolek.org\/wp-content\/uploads\/2025\/09\/stolpersteine-2025-09-jan-cizinsky-768x508.jpg 768w, https:\/\/www.spolek.org\/wp-content\/uploads\/2025\/09\/stolpersteine-2025-09-jan-cizinsky-1536x1016.jpg 1536w, https:\/\/www.spolek.org\/wp-content\/uploads\/2025\/09\/stolpersteine-2025-09-jan-cizinsky-2048x1355.jpg 2048w, https:\/\/www.spolek.org\/wp-content\/uploads\/2025\/09\/stolpersteine-2025-09-jan-cizinsky-18x12.jpg 18w\" sizes=\"auto, (max-width: 1024px) 100vw, 1024px\" \/><figcaption class=\"wp-element-caption\">The Mayor of Prague 7, Jan \u010ci\u017einsk\u00fd, at the laying of the stones<\/figcaption><\/figure>\n<\/div>\n\n\n\n<div class=\"wp-block-column is-layout-flow wp-block-column-is-layout-flow\" style=\"flex-basis:40%\">\n<figure class=\"wp-block-image size-large is-resized\"><img loading=\"lazy\" decoding=\"async\" width=\"1024\" height=\"1024\" src=\"https:\/\/www.spolek.org\/wp-content\/uploads\/2025\/09\/stolpersteine-2025-09-klauber-1024x1024.jpg\" alt=\"Nov\u011b polo\u017een\u00e9 Stolpersteine pro rodinu Klauber\" class=\"wp-image-678\" style=\"width:auto;height:200px\" srcset=\"https:\/\/www.spolek.org\/wp-content\/uploads\/2025\/09\/stolpersteine-2025-09-klauber-1024x1024.jpg 1024w, https:\/\/www.spolek.org\/wp-content\/uploads\/2025\/09\/stolpersteine-2025-09-klauber-300x300.jpg 300w, https:\/\/www.spolek.org\/wp-content\/uploads\/2025\/09\/stolpersteine-2025-09-klauber-150x150.jpg 150w, https:\/\/www.spolek.org\/wp-content\/uploads\/2025\/09\/stolpersteine-2025-09-klauber-768x768.jpg 768w, https:\/\/www.spolek.org\/wp-content\/uploads\/2025\/09\/stolpersteine-2025-09-klauber-1536x1536.jpg 1536w, https:\/\/www.spolek.org\/wp-content\/uploads\/2025\/09\/stolpersteine-2025-09-klauber-12x12.jpg 12w, https:\/\/www.spolek.org\/wp-content\/uploads\/2025\/09\/stolpersteine-2025-09-klauber.jpg 1918w\" sizes=\"auto, (max-width: 1024px) 100vw, 1024px\" \/><figcaption class=\"wp-element-caption\">Stolpersteine commemorating the Klauber family<\/figcaption><\/figure>\n<\/div>\n<\/div>\n\n\n\n<p class=\"has-medium-font-size\">Pokl\u00e1d\u00e1n\u00ed kamen\u016f se tradi\u010dn\u011b \u00fa\u010dastn\u00ed \u0159ada v\u00fdznamn\u00fdch osobnost\u00ed. Letos mezi n\u011b pat\u0159ili velvyslanci N\u011bmecka a Rakouska, starosta Prahy 7, zastupitel\u00e9 Magistr\u00e1tu hl. m\u011bsta Prahy a m\u011bstsk\u00fdch \u010d\u00e1st\u00ed Praha 2 a Praha 3, \u0159editel\u00e9 \u010cesko-n\u011bmeck\u00e9ho fondu budoucnosti, \u0159editelka N\u00e1rodn\u00edho pedagogick\u00e9ho muzea a mnoho dal\u0161\u00edch.<\/p>\n\n\n\n<p class=\"has-medium-font-size\">Among the important witnesses to the laying of Stolpersteine were also children from the Lauder Schools.<\/p>\n\n\n\n<p class=\"has-medium-font-size translation-block\">Over the past thirteen years, approximately 880 Stolpersteine have been laid in Prague. Their locations and the stories of individual victims can be found at <a href=\"http:\/\/www.stolpersteinecz.cz\" target=\"_self\">www.stolpersteinecz.cz<\/a>.<\/p>","protected":false},"excerpt":{"rendered":"<p>Ve dnech 16. a 17. z\u00e1\u0159\u00ed bylo v Praze polo\u017eeno 51 nov\u00fdch Stolpersteine na 25 m\u00edstech. T\u00edmto aktem si hlavn\u00ed m\u011bsto op\u011bt p\u0159ipomn\u011blo ob\u011bti nacistick\u00e9ho re\u017eimu a jejich p\u0159\u00edb\u011bhy. Projekt Stolpersteine v\u00fdznamn\u011b p\u0159isp\u00edv\u00e1 k \u017eiv\u00e9 pam\u011bti spole\u010dnosti \u2013 upozor\u0148uje na hr\u016fzy a \u010diny nacismu a vrac\u00ed do ve\u0159ejn\u00e9ho prostoru jm\u00e9na t\u011bch, kte\u0159\u00ed byli uml\u010deni. O [&hellip;]<\/p>\n","protected":false},"author":2,"featured_media":677,"comment_status":"open","ping_status":"open","sticky":false,"template":"","format":"standard","meta":{"footnotes":""},"categories":[5],"tags":[],"class_list":["post-671","post","type-post","status-publish","format-standard","has-post-thumbnail","hentry","category-stolpersteine"],"_links":{"self":[{"href":"https:\/\/www.spolek.org\/en\/wp-json\/wp\/v2\/posts\/671","targetHints":{"allow":["GET"]}}],"collection":[{"href":"https:\/\/www.spolek.org\/en\/wp-json\/wp\/v2\/posts"}],"about":[{"href":"https:\/\/www.spolek.org\/en\/wp-json\/wp\/v2\/types\/post"}],"author":[{"embeddable":true,"href":"https:\/\/www.spolek.org\/en\/wp-json\/wp\/v2\/users\/2"}],"replies":[{"embeddable":true,"href":"https:\/\/www.spolek.org\/en\/wp-json\/wp\/v2\/comments?post=671"}],"version-history":[{"count":10,"href":"https:\/\/www.spolek.org\/en\/wp-json\/wp\/v2\/posts\/671\/revisions"}],"predecessor-version":[{"id":692,"href":"https:\/\/www.spolek.org\/en\/wp-json\/wp\/v2\/posts\/671\/revisions\/692"}],"wp:featuredmedia":[{"embeddable":true,"href":"https:\/\/www.spolek.org\/en\/wp-json\/wp\/v2\/media\/677"}],"wp:attachment":[{"href":"https:\/\/www.spolek.org\/en\/wp-json\/wp\/v2\/media?parent=671"}],"wp:term":[{"taxonomy":"category","embeddable":true,"href":"https:\/\/www.spolek.org\/en\/wp-json\/wp\/v2\/categories?post=671"},{"taxonomy":"post_tag","embeddable":true,"href":"https:\/\/www.spolek.org\/en\/wp-json\/wp\/v2\/tags?post=671"}],"curies":[{"name":"wp","href":"https:\/\/api.w.org\/{rel}","templated":true}]}}