{"id":763,"date":"2026-03-10T17:24:32","date_gmt":"2026-03-10T16:24:32","guid":{"rendered":"https:\/\/www.spolek.org\/?p=763"},"modified":"2026-03-10T17:24:32","modified_gmt":"2026-03-10T16:24:32","slug":"v-praze-pribydou-nove-stolpersteine-pripominajici-obeti-nacismu","status":"publish","type":"post","link":"https:\/\/www.spolek.org\/en\/v-praze-pribydou-nove-stolpersteine-pripominajici-obeti-nacismu\/","title":{"rendered":"New Stolpersteine commemorating victims of Nazism will be installed in Prague"},"content":{"rendered":"<p class=\"translation-block\">On <strong>12, 16, and 17 June<\/strong>, another installation of Stolpersteine memorial stones will take place in Prague. A total of 63 new stones will be placed at 24 addresses across different districts of the city, commemorating the tragic fates of people who became victims of Nazi persecution.<\/p>\n\n\n\n<p class=\"translation-block\">Stolpersteine, often referred to in Czech as \u201cstones of the disappeared,\u201d are small brass plaques embedded in the pavement in front of buildings where victims of Nazism last lived freely. Stolpersteine have been installed in Prague since 2008, and their number has gradually increased. Today, there are nearly <strong>900 of these memorial stones<\/strong> in the city\u2019s streets.<\/p>\n\n\n\n<p>The installation of new stones is a unique opportunity to pause and remember the names and individual stories of people who were murdered by the Nazi regime.<\/p>\n\n\n\n<p>If you are interested in the exact locations of the installations and the names of the commemorated victims, you can contact the organizers at: <a href=\"mailto:info@stolpersteinecz.cz\">info@stolpersteinecz.cz<\/a><br>.<\/p>","protected":false},"excerpt":{"rendered":"<p>Ve dnech 12., 16. a 17. \u010dervna prob\u011bhne v Praze dal\u0161\u00ed pokl\u00e1dka pam\u011btn\u00edch kamen\u016f Stolpersteine. Celkem 63 nov\u00fdch kamen\u016f bude um\u00edst\u011bno na 24 adres\u00e1ch v r\u016fzn\u00fdch \u010dtvrt\u00edch m\u011bsta a p\u0159ipomene tragick\u00e9 osudy lid\u00ed, kte\u0159\u00ed se stali ob\u011b\u0165mi nacistick\u00e9 perzekuce. Stolpersteine, \u010desky \u010dasto naz\u00fdvan\u00e9 \u201ekameny zmizel\u00fdch\u201c, jsou mal\u00e9 mosazn\u00e9 kostky vsazen\u00e9 do chodn\u00edk\u016f p\u0159ed domy, kde [&hellip;]<\/p>\n","protected":false},"author":2,"featured_media":764,"comment_status":"open","ping_status":"open","sticky":false,"template":"","format":"standard","meta":{"footnotes":""},"categories":[5],"tags":[],"class_list":["post-763","post","type-post","status-publish","format-standard","has-post-thumbnail","hentry","category-stolpersteine"],"_links":{"self":[{"href":"https:\/\/www.spolek.org\/en\/wp-json\/wp\/v2\/posts\/763","targetHints":{"allow":["GET"]}}],"collection":[{"href":"https:\/\/www.spolek.org\/en\/wp-json\/wp\/v2\/posts"}],"about":[{"href":"https:\/\/www.spolek.org\/en\/wp-json\/wp\/v2\/types\/post"}],"author":[{"embeddable":true,"href":"https:\/\/www.spolek.org\/en\/wp-json\/wp\/v2\/users\/2"}],"replies":[{"embeddable":true,"href":"https:\/\/www.spolek.org\/en\/wp-json\/wp\/v2\/comments?post=763"}],"version-history":[{"count":1,"href":"https:\/\/www.spolek.org\/en\/wp-json\/wp\/v2\/posts\/763\/revisions"}],"predecessor-version":[{"id":765,"href":"https:\/\/www.spolek.org\/en\/wp-json\/wp\/v2\/posts\/763\/revisions\/765"}],"wp:featuredmedia":[{"embeddable":true,"href":"https:\/\/www.spolek.org\/en\/wp-json\/wp\/v2\/media\/764"}],"wp:attachment":[{"href":"https:\/\/www.spolek.org\/en\/wp-json\/wp\/v2\/media?parent=763"}],"wp:term":[{"taxonomy":"category","embeddable":true,"href":"https:\/\/www.spolek.org\/en\/wp-json\/wp\/v2\/categories?post=763"},{"taxonomy":"post_tag","embeddable":true,"href":"https:\/\/www.spolek.org\/en\/wp-json\/wp\/v2\/tags?post=763"}],"curies":[{"name":"wp","href":"https:\/\/api.w.org\/{rel}","templated":true}]}}